{"id":3117,"date":"2017-07-12T14:59:02","date_gmt":"2017-07-12T12:59:02","guid":{"rendered":"https:\/\/valleswork.com\/sin-categorizar\/la-eterna-lucha-por-el-aire-acondicionado-en-los-espacios-de-trabajo\/"},"modified":"2017-07-12T14:59:02","modified_gmt":"2017-07-12T12:59:02","slug":"la-eterna-lucha-por-el-aire-acondicionado-en-los-espacios-de-trabajo","status":"publish","type":"post","link":"https:\/\/valleswork.com\/es\/coworking-es\/la-eterna-lucha-por-el-aire-acondicionado-en-los-espacios-de-trabajo\/","title":{"rendered":"La eterna lucha por el aire acondicionado en los espacios de trabajo"},"content":{"rendered":"<p>Las discusiones por la temperatura deben de ser tan antiguas como la primera ventana. Con la llegada de las oficinas y los aires acondicionados, la lucha por el control del termostato ha pasado a ser un cl\u00e1sico de cada verano. <\/p>\n<p>Los espacios de coworking no son una excepci\u00f3n. De hecho, a menudo el problema se agrava porque los sistemas de climatizaci\u00f3n son compartidos por m\u00e1s personas, por lo tanto es m\u00e1s dif\u00edcil ponerse de acuerdo. <\/p>\n<p>Aunque sobre este tema se han escrito r\u00edos de p\u00edxeles y se han hecho incontables estudios, intentar\u00e9 resumir esta problem\u00e1tica en tres preguntas y hacer algunas recomendaciones que espero que os sean \u00fatiles para seguir manteniendo la harmon\u00eda en el coworking, incluso en los d\u00edas de m\u00e1s calor.<\/p>\n<h2>\u00bfPor qu\u00e9 es importante la temperatura en el trabajo?<\/h2>\n<p>Sobre este tema no hay demasiada discusi\u00f3n posible: <strong>si las condiciones ambientales del lugar de trabajo no son las adecuadas, somos menos productivos,<\/strong> estamos de peor humor y, en general, nuestro rendimiento f\u00edsico y mental se ve afectado.<\/p>\n<p>Por eso no es recomendable que el primer criterio a la hora de decidir si subimos o bajamos el termostato sea econ\u00f3mico (\u00abintentemos gastar menos\u00bb), ya que si no trabajamos a gusto, trabajamos peor. De hecho, hay expertos que calculan que una ca\u00edda del 5\u00ba C en la temperatura provoca una disminuci\u00f3n de la productividad que equivale a un incremento del 10% de los costes laborales por trabajador. Ah\u00ed lo dejo.  <\/p>\n<h2>\u00bfA qu\u00e9 temperatura tiene que estar un espacio de trabajo?<\/h2>\n<p>Si no nos ponemos de acuerdo, siempre podemos acogernos a lo que recomienda el INSHT: para el trabajo sedentario, las temperaturas tienen que estar entre los 17\u00ba y los 27\u00ba. Concretamente, entre 23\u00ba y 27\u00ba en verano, y 17\u00ba y 24\u00ba en invierno. <\/p>\n<p>Pero no os recomendamos que os cerr\u00e9is en banda esgrimiendo estas temperaturas, lo m\u00e1s recomendable es <strong>encontrar un equilibrio con el que todos nos encontremos a gusto.<\/strong><\/p>\n<h2>\u00bfQu\u00e9 influye en el hecho de que tengamos fr\u00edo o calor?<\/h2>\n<p>Porque, adem\u00e1s de la temperatura en si, hay otros factores que influyen en c\u00f3mo nos sentimos, es decir, <strong>en nuestra percepci\u00f3n de la temperatura.<\/strong><\/p>\n<p>Por ejemplo, la temperatura exterior \u00ad\u2014si hay olas de calor\u00ad\u2014, la velocidad a la que circula el aire, la humedad o nuestro propio metabolismo \u2014hay estudios que confirman que las mujeres suelen tener m\u00e1s fr\u00edo que los hombres\u2014.<\/p>\n<p>B\u00e1sicamente, estos son los motivos por los que cuesta tanto ponerse de acuerdo en la temperatura en los espacios de trabajo.<\/p>\n<h2>Recomendaciones para regular la temperatura<\/h2>\n<p>Aunque no os resolver\u00e1n el problema al 100%, s\u00ed que os puedo hacer algunas recomendaciones que os ayudar\u00e1n a encontrar un equilibrio m\u00e1s o menos harmonioso.<\/p>\n<ul>\n<li>Evitad los cambios bruscos de temperatura. Es habitual que, si llegamos de la calle acalorados, queramos encender el aire acondicionado al m\u00e1ximo para sentirnos en el Polo Norte. Pero no es bueno ni someter el cuerpo a estos cambios, ni por supuesto a las personas que hace rato que est\u00e1n.  <\/li>\n<li>Programad los sistemas para que se enciendan antes de empezar la jornada laboral, se suele recomendar dos horas antes. As\u00ed, cuando llegue todo el mundo ya habr\u00e1 una temperatura adecuada, y no sentir\u00e1n la tentaci\u00f3n de bajar el termostato porque el ambiente est\u00e1 demasiado cargado. <\/li>\n<li>Si en el espacio hab\u00e9is detectado zonas m\u00e1s o menos fr\u00edas, donde da directamente el aire o no, plantead la posibilidad de intercambiar los sitios durante los meses de m\u00e1s calor.<\/li>\n<\/ul>\n<p>Y sobre todo, recordad una regla de oro en el coworking (y en el trabajo en general): a veces <strong>es mejor tener paz que tener raz\u00f3n.<\/strong><\/p>\n","protected":false},"excerpt":{"rendered":"<p>Las discusiones por la temperatura deben de ser tan antiguas como la primera ventana. Con la llegada de las oficinas y los aires acondicionados, la lucha por el control del termostato ha pasado a ser un cl\u00e1sico de cada verano. Los espacios de coworking no son una excepci\u00f3n. De hecho, a menudo el problema se agrava porque los sistemas de climatizaci\u00f3n son compartidos por m\u00e1s personas, por lo tanto es m\u00e1s dif\u00edcil ponerse de acuerdo. Aunque sobre este tema se han escrito r\u00edos de p\u00edxeles y se han hecho incontables estudios, intentar\u00e9 resumir esta problem\u00e1tica en tres preguntas y hacer algunas recomendaciones que espero que os sean \u00fatiles para seguir manteniendo la harmon\u00eda en el coworking, incluso en los d\u00edas de m\u00e1s calor. \u00bfPor qu\u00e9 es importante la temperatura en el trabajo? Sobre este tema no hay demasiada discusi\u00f3n posible: si las condiciones ambientales del lugar de trabajo no son las adecuadas, somos menos productivos, estamos de peor humor y, en general, nuestro rendimiento f\u00edsico y mental se ve afectado. Por eso no es recomendable que el primer criterio a la hora de decidir si subimos o bajamos el termostato sea econ\u00f3mico (\u00abintentemos gastar menos\u00bb), ya que si no trabajamos a gusto, trabajamos peor. De hecho, hay expertos que calculan que una ca\u00edda del 5\u00ba C en la temperatura provoca una disminuci\u00f3n de la productividad que equivale a un incremento del 10% de los costes laborales por trabajador. Ah\u00ed lo dejo. \u00bfA qu\u00e9 temperatura tiene que estar un espacio de trabajo? Si no nos ponemos de acuerdo, siempre podemos acogernos a lo que recomienda el INSHT: para el trabajo sedentario, las temperaturas tienen que estar entre los 17\u00ba y los 27\u00ba. Concretamente, entre 23\u00ba y 27\u00ba en verano, y 17\u00ba y 24\u00ba en invierno. Pero no os recomendamos que os cerr\u00e9is en banda esgrimiendo estas temperaturas, lo m\u00e1s recomendable es encontrar un equilibrio con el que todos nos encontremos a gusto. \u00bfQu\u00e9 influye en el hecho de que tengamos fr\u00edo o calor? Porque, adem\u00e1s de la temperatura en si, hay otros factores que influyen en c\u00f3mo nos sentimos, es decir, en nuestra percepci\u00f3n de la temperatura. Por ejemplo, la temperatura exterior \u00ad\u2014si hay olas de calor\u00ad\u2014, la velocidad a la que circula el aire, la humedad o nuestro propio metabolismo \u2014hay estudios que confirman que las mujeres suelen tener m\u00e1s fr\u00edo que los hombres\u2014. B\u00e1sicamente, estos son los motivos por los que cuesta tanto ponerse de acuerdo en la temperatura en los espacios de trabajo. Recomendaciones para regular la temperatura Aunque no os resolver\u00e1n el problema al 100%, s\u00ed que os puedo hacer algunas recomendaciones que os ayudar\u00e1n a encontrar un equilibrio m\u00e1s o menos harmonioso. Evitad los cambios bruscos de temperatura. Es habitual que, si llegamos de la calle acalorados, queramos encender el aire acondicionado al m\u00e1ximo para sentirnos en el Polo Norte. Pero no es bueno ni someter el cuerpo a estos cambios, ni por supuesto a las personas que hace rato que est\u00e1n. Programad los sistemas para que se enciendan antes de empezar la jornada laboral, se suele recomendar dos horas antes. As\u00ed, cuando llegue todo el mundo ya habr\u00e1 una temperatura adecuada, y no sentir\u00e1n la tentaci\u00f3n de bajar el termostato porque el ambiente est\u00e1 demasiado cargado. Si en el espacio hab\u00e9is detectado zonas m\u00e1s o menos fr\u00edas, donde da directamente el aire o no, plantead la posibilidad de intercambiar los sitios durante los meses de m\u00e1s calor. Y sobre todo, recordad una regla de oro en el coworking (y en el trabajo en general): a veces es mejor tener paz que tener raz\u00f3n.<\/p>\n","protected":false},"author":2,"featured_media":2646,"comment_status":"closed","ping_status":"closed","sticky":false,"template":"","format":"standard","meta":{"footnotes":""},"categories":[67],"tags":[],"class_list":["post-3117","post","type-post","status-publish","format-standard","has-post-thumbnail","hentry","category-coworking-es"],"yoast_head":"<!-- This site is optimized with the Yoast SEO plugin v26.8 - https:\/\/yoast.com\/product\/yoast-seo-wordpress\/ -->\n<title>La eterna lucha por el aire acondicionado en los espacios de trabajo - Vall\u00e8s Work<\/title>\n<meta name=\"robots\" content=\"index, follow, max-snippet:-1, max-image-preview:large, max-video-preview:-1\" \/>\n<link rel=\"canonical\" href=\"https:\/\/valleswork.com\/es\/coworking-es\/la-eterna-lucha-por-el-aire-acondicionado-en-los-espacios-de-trabajo\/\" \/>\n<meta property=\"og:locale\" content=\"es_ES\" \/>\n<meta property=\"og:type\" content=\"article\" \/>\n<meta property=\"og:title\" content=\"La eterna lucha por el aire acondicionado en los espacios de trabajo - Vall\u00e8s Work\" \/>\n<meta property=\"og:description\" content=\"Las discusiones por la temperatura deben de ser tan antiguas como la primera ventana. Con la llegada de las oficinas y los aires acondicionados, la lucha por el control del termostato ha pasado a ser un cl\u00e1sico de cada verano. Los espacios de coworking no son una excepci\u00f3n. De hecho, a menudo el problema se agrava porque los sistemas de climatizaci\u00f3n son compartidos por m\u00e1s personas, por lo tanto es m\u00e1s dif\u00edcil ponerse de acuerdo. Aunque sobre este tema se han escrito r\u00edos de p\u00edxeles y se han hecho incontables estudios, intentar\u00e9 resumir esta problem\u00e1tica en tres preguntas y hacer algunas recomendaciones que espero que os sean \u00fatiles para seguir manteniendo la harmon\u00eda en el coworking, incluso en los d\u00edas de m\u00e1s calor. \u00bfPor qu\u00e9 es importante la temperatura en el trabajo? Sobre este tema no hay demasiada discusi\u00f3n posible: si las condiciones ambientales del lugar de trabajo no son las adecuadas, somos menos productivos, estamos de peor humor y, en general, nuestro rendimiento f\u00edsico y mental se ve afectado. Por eso no es recomendable que el primer criterio a la hora de decidir si subimos o bajamos el termostato sea econ\u00f3mico (\u00abintentemos gastar menos\u00bb), ya que si no trabajamos a gusto, trabajamos peor. De hecho, hay expertos que calculan que una ca\u00edda del 5\u00ba C en la temperatura provoca una disminuci\u00f3n de la productividad que equivale a un incremento del 10% de los costes laborales por trabajador. Ah\u00ed lo dejo. \u00bfA qu\u00e9 temperatura tiene que estar un espacio de trabajo? Si no nos ponemos de acuerdo, siempre podemos acogernos a lo que recomienda el INSHT: para el trabajo sedentario, las temperaturas tienen que estar entre los 17\u00ba y los 27\u00ba. Concretamente, entre 23\u00ba y 27\u00ba en verano, y 17\u00ba y 24\u00ba en invierno. Pero no os recomendamos que os cerr\u00e9is en banda esgrimiendo estas temperaturas, lo m\u00e1s recomendable es encontrar un equilibrio con el que todos nos encontremos a gusto. \u00bfQu\u00e9 influye en el hecho de que tengamos fr\u00edo o calor? Porque, adem\u00e1s de la temperatura en si, hay otros factores que influyen en c\u00f3mo nos sentimos, es decir, en nuestra percepci\u00f3n de la temperatura. Por ejemplo, la temperatura exterior \u00ad\u2014si hay olas de calor\u00ad\u2014, la velocidad a la que circula el aire, la humedad o nuestro propio metabolismo \u2014hay estudios que confirman que las mujeres suelen tener m\u00e1s fr\u00edo que los hombres\u2014. B\u00e1sicamente, estos son los motivos por los que cuesta tanto ponerse de acuerdo en la temperatura en los espacios de trabajo. Recomendaciones para regular la temperatura Aunque no os resolver\u00e1n el problema al 100%, s\u00ed que os puedo hacer algunas recomendaciones que os ayudar\u00e1n a encontrar un equilibrio m\u00e1s o menos harmonioso. Evitad los cambios bruscos de temperatura. Es habitual que, si llegamos de la calle acalorados, queramos encender el aire acondicionado al m\u00e1ximo para sentirnos en el Polo Norte. Pero no es bueno ni someter el cuerpo a estos cambios, ni por supuesto a las personas que hace rato que est\u00e1n. Programad los sistemas para que se enciendan antes de empezar la jornada laboral, se suele recomendar dos horas antes. As\u00ed, cuando llegue todo el mundo ya habr\u00e1 una temperatura adecuada, y no sentir\u00e1n la tentaci\u00f3n de bajar el termostato porque el ambiente est\u00e1 demasiado cargado. Si en el espacio hab\u00e9is detectado zonas m\u00e1s o menos fr\u00edas, donde da directamente el aire o no, plantead la posibilidad de intercambiar los sitios durante los meses de m\u00e1s calor. Y sobre todo, recordad una regla de oro en el coworking (y en el trabajo en general): a veces es mejor tener paz que tener raz\u00f3n.\" \/>\n<meta property=\"og:url\" content=\"https:\/\/valleswork.com\/es\/coworking-es\/la-eterna-lucha-por-el-aire-acondicionado-en-los-espacios-de-trabajo\/\" \/>\n<meta property=\"og:site_name\" content=\"Vall\u00e8s Work\" \/>\n<meta property=\"article:publisher\" content=\"https:\/\/www.facebook.com\/valleswork\/\" \/>\n<meta property=\"article:published_time\" content=\"2017-07-12T12:59:02+00:00\" \/>\n<meta property=\"og:image\" content=\"https:\/\/valleswork.com\/wp-content\/uploads\/2017\/07\/valleswork-coworking-aire-condicionat-oficina.jpg\" \/>\n\t<meta property=\"og:image:width\" content=\"1200\" \/>\n\t<meta property=\"og:image:height\" content=\"565\" \/>\n\t<meta property=\"og:image:type\" content=\"image\/jpeg\" \/>\n<meta name=\"author\" content=\"Maria\" \/>\n<meta name=\"twitter:card\" content=\"summary_large_image\" \/>\n<meta name=\"twitter:label1\" content=\"Escrito por\" \/>\n\t<meta name=\"twitter:data1\" content=\"Maria\" \/>\n\t<meta name=\"twitter:label2\" content=\"Tiempo de lectura\" \/>\n\t<meta name=\"twitter:data2\" content=\"3 minutos\" \/>\n<script type=\"application\/ld+json\" class=\"yoast-schema-graph\">{\"@context\":\"https:\/\/schema.org\",\"@graph\":[{\"@type\":\"Article\",\"@id\":\"https:\/\/valleswork.com\/es\/coworking-es\/la-eterna-lucha-por-el-aire-acondicionado-en-los-espacios-de-trabajo\/#article\",\"isPartOf\":{\"@id\":\"https:\/\/valleswork.com\/es\/coworking-es\/la-eterna-lucha-por-el-aire-acondicionado-en-los-espacios-de-trabajo\/\"},\"author\":{\"name\":\"Maria\",\"@id\":\"https:\/\/valleswork.com\/es\/#\/schema\/person\/3e59f2fd0a733492386034702e9a140e\"},\"headline\":\"La eterna lucha por el aire acondicionado en los espacios de trabajo\",\"datePublished\":\"2017-07-12T12:59:02+00:00\",\"mainEntityOfPage\":{\"@id\":\"https:\/\/valleswork.com\/es\/coworking-es\/la-eterna-lucha-por-el-aire-acondicionado-en-los-espacios-de-trabajo\/\"},\"wordCount\":639,\"publisher\":{\"@id\":\"https:\/\/valleswork.com\/es\/#organization\"},\"image\":{\"@id\":\"https:\/\/valleswork.com\/es\/coworking-es\/la-eterna-lucha-por-el-aire-acondicionado-en-los-espacios-de-trabajo\/#primaryimage\"},\"thumbnailUrl\":\"https:\/\/valleswork.com\/wp-content\/uploads\/2017\/07\/valleswork-coworking-aire-condicionat-oficina.jpg\",\"articleSection\":[\"Coworking\"],\"inLanguage\":\"es\"},{\"@type\":\"WebPage\",\"@id\":\"https:\/\/valleswork.com\/es\/coworking-es\/la-eterna-lucha-por-el-aire-acondicionado-en-los-espacios-de-trabajo\/\",\"url\":\"https:\/\/valleswork.com\/es\/coworking-es\/la-eterna-lucha-por-el-aire-acondicionado-en-los-espacios-de-trabajo\/\",\"name\":\"La eterna lucha por el aire acondicionado en los espacios de trabajo - Vall\u00e8s Work\",\"isPartOf\":{\"@id\":\"https:\/\/valleswork.com\/es\/#website\"},\"primaryImageOfPage\":{\"@id\":\"https:\/\/valleswork.com\/es\/coworking-es\/la-eterna-lucha-por-el-aire-acondicionado-en-los-espacios-de-trabajo\/#primaryimage\"},\"image\":{\"@id\":\"https:\/\/valleswork.com\/es\/coworking-es\/la-eterna-lucha-por-el-aire-acondicionado-en-los-espacios-de-trabajo\/#primaryimage\"},\"thumbnailUrl\":\"https:\/\/valleswork.com\/wp-content\/uploads\/2017\/07\/valleswork-coworking-aire-condicionat-oficina.jpg\",\"datePublished\":\"2017-07-12T12:59:02+00:00\",\"breadcrumb\":{\"@id\":\"https:\/\/valleswork.com\/es\/coworking-es\/la-eterna-lucha-por-el-aire-acondicionado-en-los-espacios-de-trabajo\/#breadcrumb\"},\"inLanguage\":\"es\",\"potentialAction\":[{\"@type\":\"ReadAction\",\"target\":[\"https:\/\/valleswork.com\/es\/coworking-es\/la-eterna-lucha-por-el-aire-acondicionado-en-los-espacios-de-trabajo\/\"]}]},{\"@type\":\"ImageObject\",\"inLanguage\":\"es\",\"@id\":\"https:\/\/valleswork.com\/es\/coworking-es\/la-eterna-lucha-por-el-aire-acondicionado-en-los-espacios-de-trabajo\/#primaryimage\",\"url\":\"https:\/\/valleswork.com\/wp-content\/uploads\/2017\/07\/valleswork-coworking-aire-condicionat-oficina.jpg\",\"contentUrl\":\"https:\/\/valleswork.com\/wp-content\/uploads\/2017\/07\/valleswork-coworking-aire-condicionat-oficina.jpg\",\"width\":1200,\"height\":565},{\"@type\":\"BreadcrumbList\",\"@id\":\"https:\/\/valleswork.com\/es\/coworking-es\/la-eterna-lucha-por-el-aire-acondicionado-en-los-espacios-de-trabajo\/#breadcrumb\",\"itemListElement\":[{\"@type\":\"ListItem\",\"position\":1,\"name\":\"Inici\",\"item\":\"https:\/\/valleswork.com\/es\/home\/\"},{\"@type\":\"ListItem\",\"position\":2,\"name\":\"La eterna lucha por el aire acondicionado en los espacios de trabajo\"}]},{\"@type\":\"WebSite\",\"@id\":\"https:\/\/valleswork.com\/es\/#website\",\"url\":\"https:\/\/valleswork.com\/es\/\",\"name\":\"Vall\u00e8s Work\",\"description\":\"Espais de treball, coworking i negocis\",\"publisher\":{\"@id\":\"https:\/\/valleswork.com\/es\/#organization\"},\"potentialAction\":[{\"@type\":\"SearchAction\",\"target\":{\"@type\":\"EntryPoint\",\"urlTemplate\":\"https:\/\/valleswork.com\/es\/?s={search_term_string}\"},\"query-input\":{\"@type\":\"PropertyValueSpecification\",\"valueRequired\":true,\"valueName\":\"search_term_string\"}}],\"inLanguage\":\"es\"},{\"@type\":\"Organization\",\"@id\":\"https:\/\/valleswork.com\/es\/#organization\",\"name\":\"Vall\u00e8s Work\",\"url\":\"https:\/\/valleswork.com\/es\/\",\"logo\":{\"@type\":\"ImageObject\",\"inLanguage\":\"es\",\"@id\":\"https:\/\/valleswork.com\/es\/#\/schema\/logo\/image\/\",\"url\":\"https:\/\/valleswork.com\/wp-content\/uploads\/2023\/11\/valleswork-logotip.jpg\",\"contentUrl\":\"https:\/\/valleswork.com\/wp-content\/uploads\/2023\/11\/valleswork-logotip.jpg\",\"width\":553,\"height\":123,\"caption\":\"Vall\u00e8s Work\"},\"image\":{\"@id\":\"https:\/\/valleswork.com\/es\/#\/schema\/logo\/image\/\"},\"sameAs\":[\"https:\/\/www.facebook.com\/valleswork\/\",\"https:\/\/www.linkedin.com\/company\/valleswork\/\",\"https:\/\/www.instagram.com\/centricsbd\/\"]},{\"@type\":\"Person\",\"@id\":\"https:\/\/valleswork.com\/es\/#\/schema\/person\/3e59f2fd0a733492386034702e9a140e\",\"name\":\"Maria\",\"image\":{\"@type\":\"ImageObject\",\"inLanguage\":\"es\",\"@id\":\"https:\/\/valleswork.com\/es\/#\/schema\/person\/image\/\",\"url\":\"https:\/\/secure.gravatar.com\/avatar\/f2fe719204648ce61585bd99cd483488f59a44cf04b371ed78c3488d747d71de?s=96&d=mm&r=g\",\"contentUrl\":\"https:\/\/secure.gravatar.com\/avatar\/f2fe719204648ce61585bd99cd483488f59a44cf04b371ed78c3488d747d71de?s=96&d=mm&r=g\",\"caption\":\"Maria\"}}]}<\/script>\n<!-- \/ Yoast SEO plugin. -->","yoast_head_json":{"title":"La eterna lucha por el aire acondicionado en los espacios de trabajo - Vall\u00e8s Work","robots":{"index":"index","follow":"follow","max-snippet":"max-snippet:-1","max-image-preview":"max-image-preview:large","max-video-preview":"max-video-preview:-1"},"canonical":"https:\/\/valleswork.com\/es\/coworking-es\/la-eterna-lucha-por-el-aire-acondicionado-en-los-espacios-de-trabajo\/","og_locale":"es_ES","og_type":"article","og_title":"La eterna lucha por el aire acondicionado en los espacios de trabajo - Vall\u00e8s Work","og_description":"Las discusiones por la temperatura deben de ser tan antiguas como la primera ventana. Con la llegada de las oficinas y los aires acondicionados, la lucha por el control del termostato ha pasado a ser un cl\u00e1sico de cada verano. Los espacios de coworking no son una excepci\u00f3n. De hecho, a menudo el problema se agrava porque los sistemas de climatizaci\u00f3n son compartidos por m\u00e1s personas, por lo tanto es m\u00e1s dif\u00edcil ponerse de acuerdo. Aunque sobre este tema se han escrito r\u00edos de p\u00edxeles y se han hecho incontables estudios, intentar\u00e9 resumir esta problem\u00e1tica en tres preguntas y hacer algunas recomendaciones que espero que os sean \u00fatiles para seguir manteniendo la harmon\u00eda en el coworking, incluso en los d\u00edas de m\u00e1s calor. \u00bfPor qu\u00e9 es importante la temperatura en el trabajo? Sobre este tema no hay demasiada discusi\u00f3n posible: si las condiciones ambientales del lugar de trabajo no son las adecuadas, somos menos productivos, estamos de peor humor y, en general, nuestro rendimiento f\u00edsico y mental se ve afectado. Por eso no es recomendable que el primer criterio a la hora de decidir si subimos o bajamos el termostato sea econ\u00f3mico (\u00abintentemos gastar menos\u00bb), ya que si no trabajamos a gusto, trabajamos peor. De hecho, hay expertos que calculan que una ca\u00edda del 5\u00ba C en la temperatura provoca una disminuci\u00f3n de la productividad que equivale a un incremento del 10% de los costes laborales por trabajador. Ah\u00ed lo dejo. \u00bfA qu\u00e9 temperatura tiene que estar un espacio de trabajo? Si no nos ponemos de acuerdo, siempre podemos acogernos a lo que recomienda el INSHT: para el trabajo sedentario, las temperaturas tienen que estar entre los 17\u00ba y los 27\u00ba. Concretamente, entre 23\u00ba y 27\u00ba en verano, y 17\u00ba y 24\u00ba en invierno. Pero no os recomendamos que os cerr\u00e9is en banda esgrimiendo estas temperaturas, lo m\u00e1s recomendable es encontrar un equilibrio con el que todos nos encontremos a gusto. \u00bfQu\u00e9 influye en el hecho de que tengamos fr\u00edo o calor? Porque, adem\u00e1s de la temperatura en si, hay otros factores que influyen en c\u00f3mo nos sentimos, es decir, en nuestra percepci\u00f3n de la temperatura. Por ejemplo, la temperatura exterior \u00ad\u2014si hay olas de calor\u00ad\u2014, la velocidad a la que circula el aire, la humedad o nuestro propio metabolismo \u2014hay estudios que confirman que las mujeres suelen tener m\u00e1s fr\u00edo que los hombres\u2014. B\u00e1sicamente, estos son los motivos por los que cuesta tanto ponerse de acuerdo en la temperatura en los espacios de trabajo. Recomendaciones para regular la temperatura Aunque no os resolver\u00e1n el problema al 100%, s\u00ed que os puedo hacer algunas recomendaciones que os ayudar\u00e1n a encontrar un equilibrio m\u00e1s o menos harmonioso. Evitad los cambios bruscos de temperatura. Es habitual que, si llegamos de la calle acalorados, queramos encender el aire acondicionado al m\u00e1ximo para sentirnos en el Polo Norte. Pero no es bueno ni someter el cuerpo a estos cambios, ni por supuesto a las personas que hace rato que est\u00e1n. Programad los sistemas para que se enciendan antes de empezar la jornada laboral, se suele recomendar dos horas antes. As\u00ed, cuando llegue todo el mundo ya habr\u00e1 una temperatura adecuada, y no sentir\u00e1n la tentaci\u00f3n de bajar el termostato porque el ambiente est\u00e1 demasiado cargado. Si en el espacio hab\u00e9is detectado zonas m\u00e1s o menos fr\u00edas, donde da directamente el aire o no, plantead la posibilidad de intercambiar los sitios durante los meses de m\u00e1s calor. Y sobre todo, recordad una regla de oro en el coworking (y en el trabajo en general): a veces es mejor tener paz que tener raz\u00f3n.","og_url":"https:\/\/valleswork.com\/es\/coworking-es\/la-eterna-lucha-por-el-aire-acondicionado-en-los-espacios-de-trabajo\/","og_site_name":"Vall\u00e8s Work","article_publisher":"https:\/\/www.facebook.com\/valleswork\/","article_published_time":"2017-07-12T12:59:02+00:00","og_image":[{"width":1200,"height":565,"url":"https:\/\/valleswork.com\/wp-content\/uploads\/2017\/07\/valleswork-coworking-aire-condicionat-oficina.jpg","type":"image\/jpeg"}],"author":"Maria","twitter_card":"summary_large_image","twitter_misc":{"Escrito por":"Maria","Tiempo de lectura":"3 minutos"},"schema":{"@context":"https:\/\/schema.org","@graph":[{"@type":"Article","@id":"https:\/\/valleswork.com\/es\/coworking-es\/la-eterna-lucha-por-el-aire-acondicionado-en-los-espacios-de-trabajo\/#article","isPartOf":{"@id":"https:\/\/valleswork.com\/es\/coworking-es\/la-eterna-lucha-por-el-aire-acondicionado-en-los-espacios-de-trabajo\/"},"author":{"name":"Maria","@id":"https:\/\/valleswork.com\/es\/#\/schema\/person\/3e59f2fd0a733492386034702e9a140e"},"headline":"La eterna lucha por el aire acondicionado en los espacios de trabajo","datePublished":"2017-07-12T12:59:02+00:00","mainEntityOfPage":{"@id":"https:\/\/valleswork.com\/es\/coworking-es\/la-eterna-lucha-por-el-aire-acondicionado-en-los-espacios-de-trabajo\/"},"wordCount":639,"publisher":{"@id":"https:\/\/valleswork.com\/es\/#organization"},"image":{"@id":"https:\/\/valleswork.com\/es\/coworking-es\/la-eterna-lucha-por-el-aire-acondicionado-en-los-espacios-de-trabajo\/#primaryimage"},"thumbnailUrl":"https:\/\/valleswork.com\/wp-content\/uploads\/2017\/07\/valleswork-coworking-aire-condicionat-oficina.jpg","articleSection":["Coworking"],"inLanguage":"es"},{"@type":"WebPage","@id":"https:\/\/valleswork.com\/es\/coworking-es\/la-eterna-lucha-por-el-aire-acondicionado-en-los-espacios-de-trabajo\/","url":"https:\/\/valleswork.com\/es\/coworking-es\/la-eterna-lucha-por-el-aire-acondicionado-en-los-espacios-de-trabajo\/","name":"La eterna lucha por el aire acondicionado en los espacios de trabajo - Vall\u00e8s Work","isPartOf":{"@id":"https:\/\/valleswork.com\/es\/#website"},"primaryImageOfPage":{"@id":"https:\/\/valleswork.com\/es\/coworking-es\/la-eterna-lucha-por-el-aire-acondicionado-en-los-espacios-de-trabajo\/#primaryimage"},"image":{"@id":"https:\/\/valleswork.com\/es\/coworking-es\/la-eterna-lucha-por-el-aire-acondicionado-en-los-espacios-de-trabajo\/#primaryimage"},"thumbnailUrl":"https:\/\/valleswork.com\/wp-content\/uploads\/2017\/07\/valleswork-coworking-aire-condicionat-oficina.jpg","datePublished":"2017-07-12T12:59:02+00:00","breadcrumb":{"@id":"https:\/\/valleswork.com\/es\/coworking-es\/la-eterna-lucha-por-el-aire-acondicionado-en-los-espacios-de-trabajo\/#breadcrumb"},"inLanguage":"es","potentialAction":[{"@type":"ReadAction","target":["https:\/\/valleswork.com\/es\/coworking-es\/la-eterna-lucha-por-el-aire-acondicionado-en-los-espacios-de-trabajo\/"]}]},{"@type":"ImageObject","inLanguage":"es","@id":"https:\/\/valleswork.com\/es\/coworking-es\/la-eterna-lucha-por-el-aire-acondicionado-en-los-espacios-de-trabajo\/#primaryimage","url":"https:\/\/valleswork.com\/wp-content\/uploads\/2017\/07\/valleswork-coworking-aire-condicionat-oficina.jpg","contentUrl":"https:\/\/valleswork.com\/wp-content\/uploads\/2017\/07\/valleswork-coworking-aire-condicionat-oficina.jpg","width":1200,"height":565},{"@type":"BreadcrumbList","@id":"https:\/\/valleswork.com\/es\/coworking-es\/la-eterna-lucha-por-el-aire-acondicionado-en-los-espacios-de-trabajo\/#breadcrumb","itemListElement":[{"@type":"ListItem","position":1,"name":"Inici","item":"https:\/\/valleswork.com\/es\/home\/"},{"@type":"ListItem","position":2,"name":"La eterna lucha por el aire acondicionado en los espacios de trabajo"}]},{"@type":"WebSite","@id":"https:\/\/valleswork.com\/es\/#website","url":"https:\/\/valleswork.com\/es\/","name":"Vall\u00e8s Work","description":"Espais de treball, coworking i negocis","publisher":{"@id":"https:\/\/valleswork.com\/es\/#organization"},"potentialAction":[{"@type":"SearchAction","target":{"@type":"EntryPoint","urlTemplate":"https:\/\/valleswork.com\/es\/?s={search_term_string}"},"query-input":{"@type":"PropertyValueSpecification","valueRequired":true,"valueName":"search_term_string"}}],"inLanguage":"es"},{"@type":"Organization","@id":"https:\/\/valleswork.com\/es\/#organization","name":"Vall\u00e8s Work","url":"https:\/\/valleswork.com\/es\/","logo":{"@type":"ImageObject","inLanguage":"es","@id":"https:\/\/valleswork.com\/es\/#\/schema\/logo\/image\/","url":"https:\/\/valleswork.com\/wp-content\/uploads\/2023\/11\/valleswork-logotip.jpg","contentUrl":"https:\/\/valleswork.com\/wp-content\/uploads\/2023\/11\/valleswork-logotip.jpg","width":553,"height":123,"caption":"Vall\u00e8s Work"},"image":{"@id":"https:\/\/valleswork.com\/es\/#\/schema\/logo\/image\/"},"sameAs":["https:\/\/www.facebook.com\/valleswork\/","https:\/\/www.linkedin.com\/company\/valleswork\/","https:\/\/www.instagram.com\/centricsbd\/"]},{"@type":"Person","@id":"https:\/\/valleswork.com\/es\/#\/schema\/person\/3e59f2fd0a733492386034702e9a140e","name":"Maria","image":{"@type":"ImageObject","inLanguage":"es","@id":"https:\/\/valleswork.com\/es\/#\/schema\/person\/image\/","url":"https:\/\/secure.gravatar.com\/avatar\/f2fe719204648ce61585bd99cd483488f59a44cf04b371ed78c3488d747d71de?s=96&d=mm&r=g","contentUrl":"https:\/\/secure.gravatar.com\/avatar\/f2fe719204648ce61585bd99cd483488f59a44cf04b371ed78c3488d747d71de?s=96&d=mm&r=g","caption":"Maria"}}]}},"_links":{"self":[{"href":"https:\/\/valleswork.com\/es\/wp-json\/wp\/v2\/posts\/3117","targetHints":{"allow":["GET"]}}],"collection":[{"href":"https:\/\/valleswork.com\/es\/wp-json\/wp\/v2\/posts"}],"about":[{"href":"https:\/\/valleswork.com\/es\/wp-json\/wp\/v2\/types\/post"}],"author":[{"embeddable":true,"href":"https:\/\/valleswork.com\/es\/wp-json\/wp\/v2\/users\/2"}],"replies":[{"embeddable":true,"href":"https:\/\/valleswork.com\/es\/wp-json\/wp\/v2\/comments?post=3117"}],"version-history":[{"count":0,"href":"https:\/\/valleswork.com\/es\/wp-json\/wp\/v2\/posts\/3117\/revisions"}],"wp:featuredmedia":[{"embeddable":true,"href":"https:\/\/valleswork.com\/es\/wp-json\/wp\/v2\/media\/2646"}],"wp:attachment":[{"href":"https:\/\/valleswork.com\/es\/wp-json\/wp\/v2\/media?parent=3117"}],"wp:term":[{"taxonomy":"category","embeddable":true,"href":"https:\/\/valleswork.com\/es\/wp-json\/wp\/v2\/categories?post=3117"},{"taxonomy":"post_tag","embeddable":true,"href":"https:\/\/valleswork.com\/es\/wp-json\/wp\/v2\/tags?post=3117"}],"curies":[{"name":"wp","href":"https:\/\/api.w.org\/{rel}","templated":true}]}}